{"id":24950,"date":"2018-07-02T14:38:08","date_gmt":"2018-07-02T12:38:08","guid":{"rendered":"https:\/\/www.chateaudemontfrin.com\/caroline-furstoss-parle-de-la-cuvee-des-oliviers-rose\/"},"modified":"2020-08-06T15:33:05","modified_gmt":"2020-08-06T13:33:05","slug":"caroline-furstoss-talks-about-the-cuvee-des-oliviers-rose","status":"publish","type":"post","link":"https:\/\/www.chateaudemontfrin.com\/en\/caroline-furstoss-talks-about-the-cuvee-des-oliviers-rose\/","title":{"rendered":"Caroline Furstoss talks about the cuv\u00e9e des Oliviers ros\u00e9"},"content":{"rendered":"<p>[et_pb_section fb_built=&#8221;1&#8243; _builder_version=&#8221;3.26.8&#8243; background_color=&#8221;#191919&#8243; global_module=&#8221;24358&#8243; saved_tabs=&#8221;all&#8221; fb_built=&#8221;1&#8243; _i=&#8221;0&#8243; _address=&#8221;0&#8243;][et_pb_row _builder_version=&#8221;3.26.8&#8243; custom_padding=&#8221;2px||3px|||&#8221; _i=&#8221;0&#8243; _address=&#8221;0.0&#8243;][et_pb_column type=&#8221;4_4&#8243; _builder_version=&#8221;3.26.8&#8243; _i=&#8221;0&#8243; _address=&#8221;0.0.0&#8243;][et_pb_button button_url=&#8221;https:\/\/www.chateaudemontfrin.com\/en\/news-and-press\/&#8221; button_text=&#8221;BACK TO NEWS &amp; PRESS&#8221; button_alignment=&#8221;left&#8221; _builder_version=&#8221;3.26.8&#8243; custom_button=&#8221;on&#8221; button_text_color=&#8221;rgba(255,255,255,0.57)&#8221; button_bg_color=&#8221;rgba(43,43,43,0)&#8221; button_border_width=&#8221;0px&#8221; button_border_color=&#8221;rgba(43,43,43,0)&#8221; button_border_radius=&#8221;0px&#8221; button_font=&#8221;||on||||||&#8221; button_icon=&#8221;%%2%%&#8221; button_icon_placement=&#8221;left&#8221; button_on_hover=&#8221;off&#8221; custom_padding=&#8221;||||false|false&#8221; locked=&#8221;off&#8221; _i=&#8221;0&#8243; _address=&#8221;0.0.0.0&#8243;][\/et_pb_button][et_pb_post_title author=&#8221;off&#8221; date_format=&#8221;j M Y&#8221; categories=&#8221;off&#8221; comments=&#8221;off&#8221; featured_image=&#8221;off&#8221; text_color=&#8221;light&#8221; _builder_version=&#8221;3.26.8&#8243; title_text_color=&#8221;#d8d8d8&#8243; title_font_size=&#8221;44px&#8221; text_orientation=&#8221;center&#8221; _i=&#8221;1&#8243; _address=&#8221;0.0.0.1&#8243;][\/et_pb_post_title][\/et_pb_column][\/et_pb_row][\/et_pb_section][et_pb_section fb_built=&#8221;1&#8243; _builder_version=&#8221;3.26.8&#8243; background_color=&#8221;#0a0a0a&#8221; fb_built=&#8221;1&#8243; _i=&#8221;1&#8243; _address=&#8221;1&#8243;][et_pb_row column_structure=&#8221;1_2,1_2&#8243; make_equal=&#8221;on&#8221; _builder_version=&#8221;3.26.8&#8243; _i=&#8221;0&#8243; _address=&#8221;1.0&#8243;][et_pb_column type=&#8221;1_2&#8243; _builder_version=&#8221;3.26.8&#8243; _i=&#8221;0&#8243; _address=&#8221;1.0.0&#8243;][et_pb_image src=&#8221;https:\/\/www.chateaudemontfrin.com\/wp-content\/uploads\/2019\/10\/Caroline-Furstoss.jpg&#8221; _builder_version=&#8221;3.29.3&#8243; _i=&#8221;0&#8243; _address=&#8221;1.0.0.0&#8243;][\/et_pb_image][\/et_pb_column][et_pb_column type=&#8221;1_2&#8243; _builder_version=&#8221;3.26.8&#8243; custom_css_main_element=&#8221;margin:auto;&#8221; _i=&#8221;1&#8243; _address=&#8221;1.0.1&#8243;][et_pb_text _builder_version=&#8221;3.29.3&#8243; background_layout=&#8221;dark&#8221; _i=&#8221;0&#8243; _address=&#8221;1.0.1.0&#8243;]<em>\u201cA very nice discovery with the last edition of Mill\u00e9sime Bio in Montpellier, the Ch\u00e2teau de Montfrin offers great value for money. I was seduced by the cuv\u00e9e des Oliviers ros\u00e9, a blend with, among other things, caladoc, an uncommon grape variety. I really like this style of ros\u00e9, pale pink in color with its seductive citrus notes and a lot of finesse on the palate. The fresh (crisp) finish is very pleasant! \u201c<\/em><\/p>\n<p style=\"text-align: right;\">Caroline Furstoss, Sommelier of Jean-Francois Piege<\/p>\n<p>[\/et_pb_text][\/et_pb_column][\/et_pb_row][\/et_pb_section][et_pb_section fb_built=&#8221;1&#8243; _builder_version=&#8221;3.26.8&#8243; background_color=&#8221;#441a1a&#8221; custom_margin=&#8221;||||false|false&#8221; custom_padding=&#8221;0px||10px||false|false&#8221; global_module=&#8221;24359&#8243; saved_tabs=&#8221;all&#8221; fb_built=&#8221;1&#8243; _i=&#8221;2&#8243; _address=&#8221;2&#8243;][et_pb_row _builder_version=&#8221;3.26.8&#8243; custom_padding=&#8221;12px||3px|||&#8221; _i=&#8221;0&#8243; _address=&#8221;2.0&#8243;][et_pb_column type=&#8221;4_4&#8243; _builder_version=&#8221;3.26.8&#8243; _i=&#8221;0&#8243; _address=&#8221;2.0.0&#8243;][et_pb_post_nav in_same_term=&#8221;off&#8221; prev_text=&#8221;Previous post&#8221; next_text=&#8221;Next post&#8221; _builder_version=&#8221;3.26.8&#8243; title_font=&#8221;||on||||||&#8221; title_text_color=&#8221;#ffffff&#8221; title_font_size=&#8221;15px&#8221; title_letter_spacing=&#8221;1px&#8221; _i=&#8221;0&#8243; _address=&#8221;2.0.0.0&#8243;][\/et_pb_post_nav][\/et_pb_column][\/et_pb_row][\/et_pb_section][et_pb_section fb_built=&#8221;1&#8243; admin_label=&#8221;Section autres articles cat\u00e9gorie Vins&#8221; _builder_version=&#8221;3.26.8&#8243; background_color=&#8221;#212121&#8243; global_module=&#8221;24356&#8243; saved_tabs=&#8221;all&#8221; fb_built=&#8221;1&#8243; _i=&#8221;3&#8243; _address=&#8221;3&#8243;][et_pb_row _builder_version=&#8221;3.26.8&#8243; _i=&#8221;0&#8243; _address=&#8221;3.0&#8243;][et_pb_column type=&#8221;4_4&#8243; _builder_version=&#8221;3.26.8&#8243; _i=&#8221;0&#8243; _address=&#8221;3.0.0&#8243;][et_pb_text _builder_version=&#8221;3.27.4&#8243; background_layout=&#8221;dark&#8221; _i=&#8221;0&#8243; _address=&#8221;3.0.0.0&#8243;]<\/p>\n<h2>Latest articles in this category<\/h2>\n<p>[\/et_pb_text][et_pb_blog fullwidth=&#8221;off&#8221; posts_number=&#8221;3&#8243; include_categories=&#8221;8&#8243; show_more=&#8221;on&#8221; show_author=&#8221;off&#8221; show_date=&#8221;off&#8221; show_categories=&#8221;off&#8221; show_pagination=&#8221;off&#8221; _builder_version=&#8221;3.26.8&#8243; _i=&#8221;1&#8243; _address=&#8221;3.0.0.1&#8243;][\/et_pb_blog][\/et_pb_column][\/et_pb_row][\/et_pb_section]<\/p>\n","protected":false},"excerpt":{"rendered":"<p>\u201cA very nice discovery with the last edition of Mill\u00e9sime Bio in Montpellier&#8230;&#8221;<\/p>\n","protected":false},"author":1,"featured_media":24951,"comment_status":"open","ping_status":"open","sticky":false,"template":"","format":"standard","meta":{"_et_pb_use_builder":"on","_et_pb_old_content":"","_et_gb_content_width":"","footnotes":""},"categories":[18,29,8],"tags":[],"class_list":["post-24950","post","type-post","status-publish","format-standard","has-post-thumbnail","hentry","category-citation","category-cuvee-des-oliviers-rose","category-vin"],"yoast_head":"<!-- This site is optimized with the Yoast SEO plugin v27.2 - https:\/\/yoast.com\/product\/yoast-seo-wordpress\/ -->\n<title>Caroline Furstoss talks about the cuv\u00e9e des Oliviers ros\u00e9 - Chateau de Montfrin<\/title>\n<meta name=\"robots\" content=\"index, follow, max-snippet:-1, max-image-preview:large, max-video-preview:-1\" \/>\n<link rel=\"canonical\" href=\"https:\/\/www.chateaudemontfrin.com\/en\/caroline-furstoss-talks-about-the-cuvee-des-oliviers-rose\/\" \/>\n<meta property=\"og:locale\" content=\"en_US\" \/>\n<meta property=\"og:type\" content=\"article\" \/>\n<meta property=\"og:title\" content=\"Caroline Furstoss talks about the cuv\u00e9e des Oliviers ros\u00e9 - Chateau de Montfrin\" \/>\n<meta property=\"og:description\" content=\"\u201cA very nice discovery with the last edition of Mill\u00e9sime Bio in Montpellier...&quot;\" \/>\n<meta property=\"og:url\" content=\"https:\/\/www.chateaudemontfrin.com\/en\/caroline-furstoss-talks-about-the-cuvee-des-oliviers-rose\/\" \/>\n<meta property=\"og:site_name\" content=\"Chateau de Montfrin\" \/>\n<meta property=\"article:published_time\" content=\"2018-07-02T12:38:08+00:00\" \/>\n<meta property=\"article:modified_time\" content=\"2020-08-06T13:33:05+00:00\" \/>\n<meta property=\"og:image\" content=\"https:\/\/www.chateaudemontfrin.com\/wp-content\/uploads\/2019\/10\/Caroline-Furstoss.jpg\" \/>\n\t<meta property=\"og:image:width\" content=\"700\" \/>\n\t<meta property=\"og:image:height\" content=\"498\" \/>\n\t<meta property=\"og:image:type\" content=\"image\/jpeg\" \/>\n<meta name=\"author\" content=\"Romain\" \/>\n<meta name=\"twitter:card\" content=\"summary_large_image\" \/>\n<meta name=\"twitter:label1\" content=\"Written by\" \/>\n\t<meta name=\"twitter:data1\" content=\"Romain\" \/>\n\t<meta name=\"twitter:label2\" content=\"Est. reading time\" \/>\n\t<meta name=\"twitter:data2\" content=\"3 minutes\" \/>\n<script type=\"application\/ld+json\" class=\"yoast-schema-graph\">{\"@context\":\"https:\/\/schema.org\",\"@graph\":[{\"@type\":\"Article\",\"@id\":\"https:\/\/www.chateaudemontfrin.com\/en\/caroline-furstoss-talks-about-the-cuvee-des-oliviers-rose\/#article\",\"isPartOf\":{\"@id\":\"https:\/\/www.chateaudemontfrin.com\/en\/caroline-furstoss-talks-about-the-cuvee-des-oliviers-rose\/\"},\"author\":{\"name\":\"Romain\",\"@id\":\"https:\/\/www.chateaudemontfrin.com\/#\/schema\/person\/7f23fa054161f1ab931b3b8e6844b2c8\"},\"headline\":\"Caroline Furstoss talks about the cuv\u00e9e des Oliviers ros\u00e9\",\"datePublished\":\"2018-07-02T12:38:08+00:00\",\"dateModified\":\"2020-08-06T13:33:05+00:00\",\"mainEntityOfPage\":{\"@id\":\"https:\/\/www.chateaudemontfrin.com\/en\/caroline-furstoss-talks-about-the-cuvee-des-oliviers-rose\/\"},\"wordCount\":540,\"commentCount\":0,\"image\":{\"@id\":\"https:\/\/www.chateaudemontfrin.com\/en\/caroline-furstoss-talks-about-the-cuvee-des-oliviers-rose\/#primaryimage\"},\"thumbnailUrl\":\"https:\/\/www.chateaudemontfrin.com\/wp-content\/uploads\/2019\/10\/Caroline-Furstoss.jpg\",\"articleSection\":[\"Citation\",\"Cuv\u00e9e des Oliviers ros\u00e9\",\"Vin\"],\"inLanguage\":\"en-US\",\"potentialAction\":[{\"@type\":\"CommentAction\",\"name\":\"Comment\",\"target\":[\"https:\/\/www.chateaudemontfrin.com\/en\/caroline-furstoss-talks-about-the-cuvee-des-oliviers-rose\/#respond\"]}]},{\"@type\":\"WebPage\",\"@id\":\"https:\/\/www.chateaudemontfrin.com\/en\/caroline-furstoss-talks-about-the-cuvee-des-oliviers-rose\/\",\"url\":\"https:\/\/www.chateaudemontfrin.com\/en\/caroline-furstoss-talks-about-the-cuvee-des-oliviers-rose\/\",\"name\":\"Caroline Furstoss talks about the cuv\u00e9e des Oliviers ros\u00e9 - Chateau de Montfrin\",\"isPartOf\":{\"@id\":\"https:\/\/www.chateaudemontfrin.com\/#website\"},\"primaryImageOfPage\":{\"@id\":\"https:\/\/www.chateaudemontfrin.com\/en\/caroline-furstoss-talks-about-the-cuvee-des-oliviers-rose\/#primaryimage\"},\"image\":{\"@id\":\"https:\/\/www.chateaudemontfrin.com\/en\/caroline-furstoss-talks-about-the-cuvee-des-oliviers-rose\/#primaryimage\"},\"thumbnailUrl\":\"https:\/\/www.chateaudemontfrin.com\/wp-content\/uploads\/2019\/10\/Caroline-Furstoss.jpg\",\"datePublished\":\"2018-07-02T12:38:08+00:00\",\"dateModified\":\"2020-08-06T13:33:05+00:00\",\"author\":{\"@id\":\"https:\/\/www.chateaudemontfrin.com\/#\/schema\/person\/7f23fa054161f1ab931b3b8e6844b2c8\"},\"breadcrumb\":{\"@id\":\"https:\/\/www.chateaudemontfrin.com\/en\/caroline-furstoss-talks-about-the-cuvee-des-oliviers-rose\/#breadcrumb\"},\"inLanguage\":\"en-US\",\"potentialAction\":[{\"@type\":\"ReadAction\",\"target\":[\"https:\/\/www.chateaudemontfrin.com\/en\/caroline-furstoss-talks-about-the-cuvee-des-oliviers-rose\/\"]}]},{\"@type\":\"ImageObject\",\"inLanguage\":\"en-US\",\"@id\":\"https:\/\/www.chateaudemontfrin.com\/en\/caroline-furstoss-talks-about-the-cuvee-des-oliviers-rose\/#primaryimage\",\"url\":\"https:\/\/www.chateaudemontfrin.com\/wp-content\/uploads\/2019\/10\/Caroline-Furstoss.jpg\",\"contentUrl\":\"https:\/\/www.chateaudemontfrin.com\/wp-content\/uploads\/2019\/10\/Caroline-Furstoss.jpg\",\"width\":700,\"height\":498},{\"@type\":\"BreadcrumbList\",\"@id\":\"https:\/\/www.chateaudemontfrin.com\/en\/caroline-furstoss-talks-about-the-cuvee-des-oliviers-rose\/#breadcrumb\",\"itemListElement\":[{\"@type\":\"ListItem\",\"position\":1,\"name\":\"Accueil\",\"item\":\"https:\/\/www.chateaudemontfrin.com\/en\/\"},{\"@type\":\"ListItem\",\"position\":2,\"name\":\"Caroline Furstoss talks about the cuv\u00e9e des Oliviers ros\u00e9\"}]},{\"@type\":\"WebSite\",\"@id\":\"https:\/\/www.chateaudemontfrin.com\/#website\",\"url\":\"https:\/\/www.chateaudemontfrin.com\/\",\"name\":\"Chateau de Montfrin\",\"description\":\"Vins et Huile d&#039;olive bio\",\"potentialAction\":[{\"@type\":\"SearchAction\",\"target\":{\"@type\":\"EntryPoint\",\"urlTemplate\":\"https:\/\/www.chateaudemontfrin.com\/?s={search_term_string}\"},\"query-input\":{\"@type\":\"PropertyValueSpecification\",\"valueRequired\":true,\"valueName\":\"search_term_string\"}}],\"inLanguage\":\"en-US\"},{\"@type\":\"Person\",\"@id\":\"https:\/\/www.chateaudemontfrin.com\/#\/schema\/person\/7f23fa054161f1ab931b3b8e6844b2c8\",\"name\":\"Romain\",\"image\":{\"@type\":\"ImageObject\",\"inLanguage\":\"en-US\",\"@id\":\"https:\/\/secure.gravatar.com\/avatar\/8571115783b20f863da28ad132654449a1f71a1c8c3e421ef49d3b8bbd28d960?s=96&d=mm&r=g\",\"url\":\"https:\/\/secure.gravatar.com\/avatar\/8571115783b20f863da28ad132654449a1f71a1c8c3e421ef49d3b8bbd28d960?s=96&d=mm&r=g\",\"contentUrl\":\"https:\/\/secure.gravatar.com\/avatar\/8571115783b20f863da28ad132654449a1f71a1c8c3e421ef49d3b8bbd28d960?s=96&d=mm&r=g\",\"caption\":\"Romain\"}}]}<\/script>\n<!-- \/ Yoast SEO plugin. -->","yoast_head_json":{"title":"Caroline Furstoss talks about the cuv\u00e9e des Oliviers ros\u00e9 - Chateau de Montfrin","robots":{"index":"index","follow":"follow","max-snippet":"max-snippet:-1","max-image-preview":"max-image-preview:large","max-video-preview":"max-video-preview:-1"},"canonical":"https:\/\/www.chateaudemontfrin.com\/en\/caroline-furstoss-talks-about-the-cuvee-des-oliviers-rose\/","og_locale":"en_US","og_type":"article","og_title":"Caroline Furstoss talks about the cuv\u00e9e des Oliviers ros\u00e9 - Chateau de Montfrin","og_description":"\u201cA very nice discovery with the last edition of Mill\u00e9sime Bio in Montpellier...\"","og_url":"https:\/\/www.chateaudemontfrin.com\/en\/caroline-furstoss-talks-about-the-cuvee-des-oliviers-rose\/","og_site_name":"Chateau de Montfrin","article_published_time":"2018-07-02T12:38:08+00:00","article_modified_time":"2020-08-06T13:33:05+00:00","og_image":[{"width":700,"height":498,"url":"https:\/\/www.chateaudemontfrin.com\/wp-content\/uploads\/2019\/10\/Caroline-Furstoss.jpg","type":"image\/jpeg"}],"author":"Romain","twitter_card":"summary_large_image","twitter_misc":{"Written by":"Romain","Est. reading time":"3 minutes"},"schema":{"@context":"https:\/\/schema.org","@graph":[{"@type":"Article","@id":"https:\/\/www.chateaudemontfrin.com\/en\/caroline-furstoss-talks-about-the-cuvee-des-oliviers-rose\/#article","isPartOf":{"@id":"https:\/\/www.chateaudemontfrin.com\/en\/caroline-furstoss-talks-about-the-cuvee-des-oliviers-rose\/"},"author":{"name":"Romain","@id":"https:\/\/www.chateaudemontfrin.com\/#\/schema\/person\/7f23fa054161f1ab931b3b8e6844b2c8"},"headline":"Caroline Furstoss talks about the cuv\u00e9e des Oliviers ros\u00e9","datePublished":"2018-07-02T12:38:08+00:00","dateModified":"2020-08-06T13:33:05+00:00","mainEntityOfPage":{"@id":"https:\/\/www.chateaudemontfrin.com\/en\/caroline-furstoss-talks-about-the-cuvee-des-oliviers-rose\/"},"wordCount":540,"commentCount":0,"image":{"@id":"https:\/\/www.chateaudemontfrin.com\/en\/caroline-furstoss-talks-about-the-cuvee-des-oliviers-rose\/#primaryimage"},"thumbnailUrl":"https:\/\/www.chateaudemontfrin.com\/wp-content\/uploads\/2019\/10\/Caroline-Furstoss.jpg","articleSection":["Citation","Cuv\u00e9e des Oliviers ros\u00e9","Vin"],"inLanguage":"en-US","potentialAction":[{"@type":"CommentAction","name":"Comment","target":["https:\/\/www.chateaudemontfrin.com\/en\/caroline-furstoss-talks-about-the-cuvee-des-oliviers-rose\/#respond"]}]},{"@type":"WebPage","@id":"https:\/\/www.chateaudemontfrin.com\/en\/caroline-furstoss-talks-about-the-cuvee-des-oliviers-rose\/","url":"https:\/\/www.chateaudemontfrin.com\/en\/caroline-furstoss-talks-about-the-cuvee-des-oliviers-rose\/","name":"Caroline Furstoss talks about the cuv\u00e9e des Oliviers ros\u00e9 - Chateau de Montfrin","isPartOf":{"@id":"https:\/\/www.chateaudemontfrin.com\/#website"},"primaryImageOfPage":{"@id":"https:\/\/www.chateaudemontfrin.com\/en\/caroline-furstoss-talks-about-the-cuvee-des-oliviers-rose\/#primaryimage"},"image":{"@id":"https:\/\/www.chateaudemontfrin.com\/en\/caroline-furstoss-talks-about-the-cuvee-des-oliviers-rose\/#primaryimage"},"thumbnailUrl":"https:\/\/www.chateaudemontfrin.com\/wp-content\/uploads\/2019\/10\/Caroline-Furstoss.jpg","datePublished":"2018-07-02T12:38:08+00:00","dateModified":"2020-08-06T13:33:05+00:00","author":{"@id":"https:\/\/www.chateaudemontfrin.com\/#\/schema\/person\/7f23fa054161f1ab931b3b8e6844b2c8"},"breadcrumb":{"@id":"https:\/\/www.chateaudemontfrin.com\/en\/caroline-furstoss-talks-about-the-cuvee-des-oliviers-rose\/#breadcrumb"},"inLanguage":"en-US","potentialAction":[{"@type":"ReadAction","target":["https:\/\/www.chateaudemontfrin.com\/en\/caroline-furstoss-talks-about-the-cuvee-des-oliviers-rose\/"]}]},{"@type":"ImageObject","inLanguage":"en-US","@id":"https:\/\/www.chateaudemontfrin.com\/en\/caroline-furstoss-talks-about-the-cuvee-des-oliviers-rose\/#primaryimage","url":"https:\/\/www.chateaudemontfrin.com\/wp-content\/uploads\/2019\/10\/Caroline-Furstoss.jpg","contentUrl":"https:\/\/www.chateaudemontfrin.com\/wp-content\/uploads\/2019\/10\/Caroline-Furstoss.jpg","width":700,"height":498},{"@type":"BreadcrumbList","@id":"https:\/\/www.chateaudemontfrin.com\/en\/caroline-furstoss-talks-about-the-cuvee-des-oliviers-rose\/#breadcrumb","itemListElement":[{"@type":"ListItem","position":1,"name":"Accueil","item":"https:\/\/www.chateaudemontfrin.com\/en\/"},{"@type":"ListItem","position":2,"name":"Caroline Furstoss talks about the cuv\u00e9e des Oliviers ros\u00e9"}]},{"@type":"WebSite","@id":"https:\/\/www.chateaudemontfrin.com\/#website","url":"https:\/\/www.chateaudemontfrin.com\/","name":"Chateau de Montfrin","description":"Vins et Huile d&#039;olive bio","potentialAction":[{"@type":"SearchAction","target":{"@type":"EntryPoint","urlTemplate":"https:\/\/www.chateaudemontfrin.com\/?s={search_term_string}"},"query-input":{"@type":"PropertyValueSpecification","valueRequired":true,"valueName":"search_term_string"}}],"inLanguage":"en-US"},{"@type":"Person","@id":"https:\/\/www.chateaudemontfrin.com\/#\/schema\/person\/7f23fa054161f1ab931b3b8e6844b2c8","name":"Romain","image":{"@type":"ImageObject","inLanguage":"en-US","@id":"https:\/\/secure.gravatar.com\/avatar\/8571115783b20f863da28ad132654449a1f71a1c8c3e421ef49d3b8bbd28d960?s=96&d=mm&r=g","url":"https:\/\/secure.gravatar.com\/avatar\/8571115783b20f863da28ad132654449a1f71a1c8c3e421ef49d3b8bbd28d960?s=96&d=mm&r=g","contentUrl":"https:\/\/secure.gravatar.com\/avatar\/8571115783b20f863da28ad132654449a1f71a1c8c3e421ef49d3b8bbd28d960?s=96&d=mm&r=g","caption":"Romain"}}]}},"_links":{"self":[{"href":"https:\/\/www.chateaudemontfrin.com\/en\/wp-json\/wp\/v2\/posts\/24950","targetHints":{"allow":["GET"]}}],"collection":[{"href":"https:\/\/www.chateaudemontfrin.com\/en\/wp-json\/wp\/v2\/posts"}],"about":[{"href":"https:\/\/www.chateaudemontfrin.com\/en\/wp-json\/wp\/v2\/types\/post"}],"author":[{"embeddable":true,"href":"https:\/\/www.chateaudemontfrin.com\/en\/wp-json\/wp\/v2\/users\/1"}],"replies":[{"embeddable":true,"href":"https:\/\/www.chateaudemontfrin.com\/en\/wp-json\/wp\/v2\/comments?post=24950"}],"version-history":[{"count":5,"href":"https:\/\/www.chateaudemontfrin.com\/en\/wp-json\/wp\/v2\/posts\/24950\/revisions"}],"predecessor-version":[{"id":25318,"href":"https:\/\/www.chateaudemontfrin.com\/en\/wp-json\/wp\/v2\/posts\/24950\/revisions\/25318"}],"wp:featuredmedia":[{"embeddable":true,"href":"https:\/\/www.chateaudemontfrin.com\/en\/wp-json\/wp\/v2\/media\/24951"}],"wp:attachment":[{"href":"https:\/\/www.chateaudemontfrin.com\/en\/wp-json\/wp\/v2\/media?parent=24950"}],"wp:term":[{"taxonomy":"category","embeddable":true,"href":"https:\/\/www.chateaudemontfrin.com\/en\/wp-json\/wp\/v2\/categories?post=24950"},{"taxonomy":"post_tag","embeddable":true,"href":"https:\/\/www.chateaudemontfrin.com\/en\/wp-json\/wp\/v2\/tags?post=24950"}],"curies":[{"name":"wp","href":"https:\/\/api.w.org\/{rel}","templated":true}]}}